{"id":369,"date":"2020-06-01T12:55:04","date_gmt":"2020-06-01T10:55:04","guid":{"rendered":"http:\/\/wp.musikzug-kirchtimke.de\/?p=369"},"modified":"2020-08-26T14:12:02","modified_gmt":"2020-08-26T12:12:02","slug":"heute-spielen-wir-in-winkeldorf-eigentlich","status":"publish","type":"post","link":"https:\/\/musikzug-kirchtimke.de\/?p=369","title":{"rendered":"Heute spielen wir in Winkeldorf &#8230;  eigentlich!"},"content":{"rendered":"\n<p><strong>31.05.2020<\/strong><\/p>\n\n\n\n<p class=\"has-drop-cap\">Heute spielen wir in Winkeldorf &#8230;&nbsp; eigentlich! Es ist 12 Uhr am Pfingstsonntag, das bedeutet f\u00fcr uns schon seit Jahren nur eins: Ab zum Sch\u00fctzenfest nach Winkeldorf! Das muss dieses Jahr leider corona-bedingt ausfallen und wir wissen noch gar nicht so genau, was wir nun mit unserer freien Zeit heute anstellen sollen. Das Sch\u00fctzenfest Winkeldorf geh\u00f6rt zu Pfingsten einfach dazu! Wusstet ihr, dass wir in Winkeldorf auch immer unser eigenes kleines K\u00f6nigshaus ausschie\u00dfen? Die Sch\u00fctzen aus Winkeldorf sind so nett, uns ihren Luftgewehrstand f\u00fcr kurze Zeit zu \u00fcberlassen, so dass jeder Musikant einen Schuss abgeben kann und wir unser K\u00f6nigshaus, bestehend aus K\u00f6nig, K\u00f6nigin und Jugendk\u00f6nig, proklamieren k\u00f6nnen. Letztes Jahr haben Andreas W., Petra und Lennart am besten geschossen und damit bleiben die drei erstmalig in der Geschichte zwei Jahre im Amt! Hinterher feiern wir dann normalerweise noch unser eigenes kleines Sch\u00fctzenfest in geselliger Runde in Kirchtimke, aber auch das f\u00e4llt dieses Jahr leider aus.<\/p>\n\n\n\n<p>Wir sind sehr traurig, dass wir heute nicht in Winkeldorf sein k\u00f6nnen und senden einen lieben Gru\u00df an die Winkeldorfer Sch\u00fctzinnen und Sch\u00fctzen! Wir freuen uns schon, n\u00e4chstes Jahr wieder bei euch zu sein.<\/p>\n\n\n\n<p>Heute spielen wir in Winkeldorf \u2026&nbsp; eigentlich! Da ja viele unserer Auftritte dieses Jahr ausfallen m\u00fcssen, werden wir nun jedes Mal, wenn wir einen Auftritt gehabt h\u00e4tten, eine kleine Bildercollage aus den letzten Jahren in die Gruppe stellen. Viel Spa\u00df damit!<\/p>\n\n\n\n<p>Wir hoffen, ihr habt alle sch\u00f6ne Pfingsten und genie\u00dft das lange Wochenende \u2013 auch wenn es dieses Jahr mal nicht nach Winkeldorf geht, was schon irgendwie komisch ist. Und an unser K\u00f6nigshaus: Wir hoffen ihr tragt heute zur Feier des Tages eure Ketten auch zu Hause! Immerhin seid ihr die ersten, die zwei Jahre im Amt bleiben. <\/p>\n\n\n\n<p> <\/p>\n\n\n\n<figure class=\"wp-block-image size-full\"><img loading=\"lazy\" decoding=\"async\" width=\"950\" height=\"951\" src=\"http:\/\/wp.musikzug-kirchtimke.de\/wp-content\/uploads\/2020\/08\/winkeldorf-Kopie.png\" alt=\"\" class=\"wp-image-504\" srcset=\"https:\/\/musikzug-kirchtimke.de\/wp-content\/uploads\/2020\/08\/winkeldorf-Kopie.png 950w, https:\/\/musikzug-kirchtimke.de\/wp-content\/uploads\/2020\/08\/winkeldorf-Kopie-300x300.png 300w, https:\/\/musikzug-kirchtimke.de\/wp-content\/uploads\/2020\/08\/winkeldorf-Kopie-150x150.png 150w, https:\/\/musikzug-kirchtimke.de\/wp-content\/uploads\/2020\/08\/winkeldorf-Kopie-768x769.png 768w\" sizes=\"(max-width: 950px) 100vw, 950px\" \/><\/figure>\n\n\n\n<p><\/p>\n","protected":false},"excerpt":{"rendered":"<p>31.05.2020 Heute spielen wir in Winkeldorf &#8230;&nbsp; eigentlich! Es ist 12 Uhr am Pfingstsonntag, das bedeutet f\u00fcr uns schon seit Jahren nur eins: Ab zum Sch\u00fctzenfest nach Winkeldorf! Das muss dieses Jahr leider corona-bedingt ausfallen und wir wissen noch gar nicht so genau, was wir nun mit unserer freien Zeit heute anstellen sollen. Das Sch\u00fctzenfest [&hellip;]<\/p>\n","protected":false},"author":1,"featured_media":492,"comment_status":"closed","ping_status":"closed","sticky":false,"template":"","format":"standard","meta":{"saved_in_kubio":false,"_jetpack_memberships_contains_paid_content":false,"footnotes":""},"categories":[5,13,22],"tags":[12,11],"class_list":["post-369","post","type-post","status-publish","format-standard","has-post-thumbnail","hentry","category-archiv","category-auftritte2020","category-winkeldorf","tag-pfingsten","tag-winkeldorf"],"jetpack_featured_media_url":"https:\/\/musikzug-kirchtimke.de\/wp-content\/uploads\/2020\/06\/bbWinkeldorf2020-e1598428727671.png","jetpack_sharing_enabled":true,"_links":{"self":[{"href":"https:\/\/musikzug-kirchtimke.de\/index.php?rest_route=\/wp\/v2\/posts\/369","targetHints":{"allow":["GET"]}}],"collection":[{"href":"https:\/\/musikzug-kirchtimke.de\/index.php?rest_route=\/wp\/v2\/posts"}],"about":[{"href":"https:\/\/musikzug-kirchtimke.de\/index.php?rest_route=\/wp\/v2\/types\/post"}],"author":[{"embeddable":true,"href":"https:\/\/musikzug-kirchtimke.de\/index.php?rest_route=\/wp\/v2\/users\/1"}],"replies":[{"embeddable":true,"href":"https:\/\/musikzug-kirchtimke.de\/index.php?rest_route=%2Fwp%2Fv2%2Fcomments&post=369"}],"version-history":[{"count":13,"href":"https:\/\/musikzug-kirchtimke.de\/index.php?rest_route=\/wp\/v2\/posts\/369\/revisions"}],"predecessor-version":[{"id":512,"href":"https:\/\/musikzug-kirchtimke.de\/index.php?rest_route=\/wp\/v2\/posts\/369\/revisions\/512"}],"wp:featuredmedia":[{"embeddable":true,"href":"https:\/\/musikzug-kirchtimke.de\/index.php?rest_route=\/wp\/v2\/media\/492"}],"wp:attachment":[{"href":"https:\/\/musikzug-kirchtimke.de\/index.php?rest_route=%2Fwp%2Fv2%2Fmedia&parent=369"}],"wp:term":[{"taxonomy":"category","embeddable":true,"href":"https:\/\/musikzug-kirchtimke.de\/index.php?rest_route=%2Fwp%2Fv2%2Fcategories&post=369"},{"taxonomy":"post_tag","embeddable":true,"href":"https:\/\/musikzug-kirchtimke.de\/index.php?rest_route=%2Fwp%2Fv2%2Ftags&post=369"}],"curies":[{"name":"wp","href":"https:\/\/api.w.org\/{rel}","templated":true}]}}